{"id":177,"date":"2024-02-01T18:04:04","date_gmt":"2024-02-01T18:04:04","guid":{"rendered":"https:\/\/www.adko.com.br\/blog\/?p=177"},"modified":"2024-02-01T18:04:20","modified_gmt":"2024-02-01T18:04:20","slug":"alho-frito-da-adko-qual-a-receita-ideal-para-utilizar-essa-especiaria","status":"publish","type":"post","link":"https:\/\/www.adko.com.br\/blog\/receitas\/alho-frito-da-adko-qual-a-receita-ideal-para-utilizar-essa-especiaria\/","title":{"rendered":"Alho frito da ADKO: qual a receita ideal para utilizar essa especiaria?"},"content":{"rendered":"<span class=\"span-reading-time rt-reading-time\" style=\"display: block;\"><span class=\"rt-label rt-prefix\">Tempo de leitura:<\/span> <span class=\"rt-time\"> 2<\/span> <span class=\"rt-label rt-postfix\">minutos<\/span><\/span>\n<p class=\"has-medium-font-size\"><strong>O alho frito da ADKO \u00e9 uma especiaria \u00fanica, sendo ideal para finaliza\u00e7\u00e3o e ornamenta\u00e7\u00e3o de pratos, pois as l\u00e2minas s\u00e3o uniformes e muito crocantes.<\/strong><\/p>\n\n\n\n<p>Imagine um ingrediente que transforma qualquer prato em uma experi\u00eancia sensorial inesquec\u00edvel. Imagine um toque crocante, dourado e arom\u00e1tico, capaz de despertar o paladar e elevar o sabor de suas receitas.<\/p>\n\n\n\n<p>Esse ingrediente \u00e9 o Alho Frito da ADKO, um verdadeiro segredo gastron\u00f4mico que voc\u00ea precisa conhecer.<\/p>\n\n\n\n<p>A ADKO garante a sele\u00e7\u00e3o dos melhores ingredientes e um processo de produ\u00e7\u00e3o rigoroso para oferecer um produto de qualidade superior.<\/p>\n\n\n\n<div id=\"ez-toc-container\" class=\"ez-toc-v2_0_73 counter-hierarchy ez-toc-counter ez-toc-grey ez-toc-container-direction\">\n<div class=\"ez-toc-title-container\">\n<p class=\"ez-toc-title\" style=\"cursor:inherit\">T\u00f3picos do artigo<\/p>\n<span class=\"ez-toc-title-toggle\"><a href=\"#\" class=\"ez-toc-pull-right ez-toc-btn ez-toc-btn-xs ez-toc-btn-default ez-toc-toggle\" aria-label=\"Alternar tabela de conte\u00fado\"><span class=\"ez-toc-js-icon-con\"><span class=\"\"><span class=\"eztoc-hide\" style=\"display:none;\">Toggle<\/span><span class=\"ez-toc-icon-toggle-span\"><svg style=\"fill: #999;color:#999\" xmlns=\"http:\/\/www.w3.org\/2000\/svg\" class=\"list-377408\" width=\"20px\" height=\"20px\" viewBox=\"0 0 24 24\" fill=\"none\"><path d=\"M6 6H4v2h2V6zm14 0H8v2h12V6zM4 11h2v2H4v-2zm16 0H8v2h12v-2zM4 16h2v2H4v-2zm16 0H8v2h12v-2z\" fill=\"currentColor\"><\/path><\/svg><svg style=\"fill: #999;color:#999\" class=\"arrow-unsorted-368013\" xmlns=\"http:\/\/www.w3.org\/2000\/svg\" width=\"10px\" height=\"10px\" viewBox=\"0 0 24 24\" version=\"1.2\" baseProfile=\"tiny\"><path d=\"M18.2 9.3l-6.2-6.3-6.2 6.3c-.2.2-.3.4-.3.7s.1.5.3.7c.2.2.4.3.7.3h11c.3 0 .5-.1.7-.3.2-.2.3-.5.3-.7s-.1-.5-.3-.7zM5.8 14.7l6.2 6.3 6.2-6.3c.2-.2.3-.5.3-.7s-.1-.5-.3-.7c-.2-.2-.4-.3-.7-.3h-11c-.3 0-.5.1-.7.3-.2.2-.3.5-.3.7s.1.5.3.7z\"\/><\/svg><\/span><\/span><\/span><\/a><\/span><\/div>\n<nav><ul class='ez-toc-list ez-toc-list-level-1 ' ><li class='ez-toc-page-1 ez-toc-heading-level-2'><a class=\"ez-toc-link ez-toc-heading-1\" href=\"https:\/\/www.adko.com.br\/blog\/receitas\/alho-frito-da-adko-qual-a-receita-ideal-para-utilizar-essa-especiaria\/#Mais_que_um_complemento_o_alho_frito_da_ADKO_e_uma_explosao_de_sabor\" title=\"Mais que um complemento, o alho frito da ADKO \u00e9 uma explos\u00e3o de sabor\">Mais que um complemento, o alho frito da ADKO \u00e9 uma explos\u00e3o de sabor<\/a><\/li><li class='ez-toc-page-1 ez-toc-heading-level-2'><a class=\"ez-toc-link ez-toc-heading-2\" href=\"https:\/\/www.adko.com.br\/blog\/receitas\/alho-frito-da-adko-qual-a-receita-ideal-para-utilizar-essa-especiaria\/#Receita_Contra_File_na_Manteiga_com_Alho_Frito_da_ADKO\" title=\"Receita: Contra Fil\u00e9 na Manteiga com Alho Frito da ADKO\">Receita: Contra Fil\u00e9 na Manteiga com Alho Frito da ADKO<\/a><ul class='ez-toc-list-level-3' ><li class='ez-toc-heading-level-3'><a class=\"ez-toc-link ez-toc-heading-3\" href=\"https:\/\/www.adko.com.br\/blog\/receitas\/alho-frito-da-adko-qual-a-receita-ideal-para-utilizar-essa-especiaria\/#Ingredientes\" title=\"Ingredientes:\">Ingredientes:<\/a><\/li><li class='ez-toc-page-1 ez-toc-heading-level-3'><a class=\"ez-toc-link ez-toc-heading-4\" href=\"https:\/\/www.adko.com.br\/blog\/receitas\/alho-frito-da-adko-qual-a-receita-ideal-para-utilizar-essa-especiaria\/#Instrucoes\" title=\"Instru\u00e7\u00f5es:\">Instru\u00e7\u00f5es:<\/a><\/li><\/ul><\/li><li class='ez-toc-page-1 ez-toc-heading-level-2'><a class=\"ez-toc-link ez-toc-heading-5\" href=\"https:\/\/www.adko.com.br\/blog\/receitas\/alho-frito-da-adko-qual-a-receita-ideal-para-utilizar-essa-especiaria\/#Adquira_as_melhores_especiarias_do_mercado\" title=\"Adquira as melhores especiarias do mercado!\">Adquira as melhores especiarias do mercado!<\/a><\/li><\/ul><\/nav><\/div>\n<h2 class=\"wp-block-heading\"><span class=\"ez-toc-section\" id=\"Mais_que_um_complemento_o_alho_frito_da_ADKO_e_uma_explosao_de_sabor\"><\/span>Mais que um complemento, o alho frito da ADKO \u00e9 uma explos\u00e3o de sabor<span class=\"ez-toc-section-end\"><\/span><\/h2>\n\n\n\n<p>Fabricada a partir de dentes de alho selecionados e fritos na temperatura ideal, o sabor aut\u00eantico da especiaria \u00e9 preservado, garantindo tamb\u00e9m um aroma inigual\u00e1vel.<\/p>\n\n\n<div class=\"wp-block-image is-style-rounded\">\n<figure class=\"alignright size-full is-resized\"><img loading=\"lazy\" decoding=\"async\" width=\"800\" height=\"600\" src=\"https:\/\/www.adko.com.br\/blog\/wp-content\/uploads\/2024\/02\/alho-fritop-3.png\" alt=\"\" class=\"wp-image-179\" style=\"width:240px;height:auto\" srcset=\"https:\/\/www.adko.com.br\/blog\/wp-content\/uploads\/2024\/02\/alho-fritop-3.png 800w, https:\/\/www.adko.com.br\/blog\/wp-content\/uploads\/2024\/02\/alho-fritop-3-300x225.png 300w, https:\/\/www.adko.com.br\/blog\/wp-content\/uploads\/2024\/02\/alho-fritop-3-768x576.png 768w, https:\/\/www.adko.com.br\/blog\/wp-content\/uploads\/2024\/02\/alho-fritop-3-80x60.png 80w\" sizes=\"auto, (max-width: 800px) 100vw, 800px\" \/><\/figure>\n<\/div>\n\n\n<p>Al\u00e9m disso, o alho frito da ADKO oferece uma versatilidade de aplica\u00e7\u00f5es \u00fanica. Do toque final em saladas e massas, \u00e0 estrela principal de molhos e acompanhamentos, essa especiaria se adapta a qualquer receita.<\/p>\n\n\n\n<p>Deseja conhecer uma excelente receita com alho frito? Continue no decorrer deste artigo e se surpreenda!<\/p>\n\n\n\n<h2 class=\"wp-block-heading\"><span class=\"ez-toc-section\" id=\"Receita_Contra_File_na_Manteiga_com_Alho_Frito_da_ADKO\"><\/span>Receita: Contra Fil\u00e9 na Manteiga com Alho Frito da ADKO<span class=\"ez-toc-section-end\"><\/span><\/h2>\n\n\n\n<h3 class=\"wp-block-heading\"><span class=\"ez-toc-section\" id=\"Ingredientes\"><\/span>Ingredientes:<span class=\"ez-toc-section-end\"><\/span><\/h3>\n\n\n\n<ul class=\"wp-block-list\">\n<li>4 bifes de contrafil\u00e9<\/li>\n\n\n\n<li>4 colheres de sopa de manteiga<\/li>\n\n\n\n<li>Uma colher de sopa de alho frito ADKO<\/li>\n\n\n\n<li>Sal a gosto<\/li>\n\n\n\n<li>Pimenta-do-reino a gosto<\/li>\n\n\n\n<li>Cebola palha ADKO para decorar<\/li>\n<\/ul>\n\n\n\n<h3 class=\"wp-block-heading\"><span class=\"ez-toc-section\" id=\"Instrucoes\"><\/span>Instru\u00e7\u00f5es:<span class=\"ez-toc-section-end\"><\/span><\/h3>\n\n\n<div class=\"wp-block-image is-style-rounded\">\n<figure class=\"alignright size-full is-resized\"><img loading=\"lazy\" decoding=\"async\" width=\"1000\" height=\"667\" src=\"https:\/\/www.adko.com.br\/blog\/wp-content\/uploads\/2024\/02\/chef-cortando-bife-em-uma-tabua-de-madeira.jpg\" alt=\"\" class=\"wp-image-178\" style=\"width:240px;height:auto\" srcset=\"https:\/\/www.adko.com.br\/blog\/wp-content\/uploads\/2024\/02\/chef-cortando-bife-em-uma-tabua-de-madeira.jpg 1000w, https:\/\/www.adko.com.br\/blog\/wp-content\/uploads\/2024\/02\/chef-cortando-bife-em-uma-tabua-de-madeira-300x200.jpg 300w, https:\/\/www.adko.com.br\/blog\/wp-content\/uploads\/2024\/02\/chef-cortando-bife-em-uma-tabua-de-madeira-768x512.jpg 768w, https:\/\/www.adko.com.br\/blog\/wp-content\/uploads\/2024\/02\/chef-cortando-bife-em-uma-tabua-de-madeira-450x300.jpg 450w, https:\/\/www.adko.com.br\/blog\/wp-content\/uploads\/2024\/02\/chef-cortando-bife-em-uma-tabua-de-madeira-90x60.jpg 90w\" sizes=\"auto, (max-width: 1000px) 100vw, 1000px\" \/><\/figure>\n<\/div>\n\n\n<ol class=\"wp-block-list\">\n<li>Tempere os bifes de contrafil\u00e9 com sal e pimenta-do-reino a gosto, garantindo que estejam bem distribu\u00eddos em ambos os lados.<\/li>\n\n\n\n<li>Em uma frigideira grande, derreta a manteiga em fogo m\u00e9dio at\u00e9 que esteja completamente derretida.<\/li>\n\n\n\n<li>Adicione os bifes de contrafil\u00e9 \u00e0 frigideira, garantindo que estejam em uma \u00fanica camada para cozinharem uniformemente.<\/li>\n\n\n\n<li>Cozinhe os bifes por 3-4 minutos de cada lado, ou at\u00e9 atingirem o ponto desejado.<\/li>\n\n\n\n<li>Nos \u00faltimos minutos de cozimento, adicione uma colher de sopa de alho frito ADKO \u00e0 frigideira, mexendo delicadamente para incorpor\u00e1-los \u00e0 manteiga e distribu\u00ed-los sobre os bifes.<\/li>\n\n\n\n<li>Retire os bifes da frigideira e coloque em um prato de servir.<\/li>\n\n\n\n<li>Decore os bifes com a cebola palha ADKO, distribuindo-a generosamente sobre a carne.<\/li>\n\n\n\n<li>Sirva imediatamente, acompanhado de seus acompanhamentos favoritos, como arroz, batatas ou salada.<\/li>\n<\/ol>\n\n\n\n<h2 class=\"wp-block-heading\"><span class=\"ez-toc-section\" id=\"Adquira_as_melhores_especiarias_do_mercado\"><\/span>Adquira as melhores especiarias do mercado!<span class=\"ez-toc-section-end\"><\/span><\/h2>\n\n\n\n<p>Se voc\u00ea deseja contar com o melhor do alho frito, que seja capaz de trazer novos sabores ao seu frango grelhado, <a href=\"https:\/\/www.adko.com.br\/contato\" target=\"_blank\" rel=\"noreferrer noopener\">entre em contato<\/a> conosco por meio dos nossos canais de comunica\u00e7\u00e3o com a ADKO hoje mesmo!<\/p>\n\n\n<div class=\"wp-block-image\">\n<figure class=\"aligncenter size-full\"><a href=\"https:\/\/www.adko.com.br\/contato\" target=\"_blank\" rel=\"noreferrer noopener\"><img decoding=\"async\" src=\"https:\/\/www.adko.com.br\/blog\/wp-content\/uploads\/2023\/08\/cta2.jpg\" alt=\"\" class=\"wp-image-50\"\/><\/a><\/figure>\n<\/div>\n\n\n<p>Gostou desse conte\u00fado? Acesse nosso <a href=\"https:\/\/www.adko.com.br\/blog\/\" target=\"_blank\" rel=\"noreferrer noopener\">blog<\/a> e leia mais artigos como esse!<\/p>\n","protected":false},"excerpt":{"rendered":"<p><span class=\"span-reading-time rt-reading-time\" style=\"display: block;\"><span class=\"rt-label rt-prefix\">Tempo de leitura:<\/span> <span class=\"rt-time\"> 2<\/span> <span class=\"rt-label rt-postfix\">minutos<\/span><\/span>O alho frito da ADKO \u00e9 uma especiaria \u00fanica, sendo ideal para finaliza\u00e7\u00e3o e ornamenta\u00e7\u00e3o de pratos, pois as l\u00e2minas s\u00e3o uniformes e muito crocantes. Imagine um ingrediente que transforma qualquer prato em uma experi\u00eancia sensorial inesquec\u00edvel. Imagine um toque crocante, dourado e arom\u00e1tico, capaz de despertar o paladar e elevar o sabor de suas &hellip; <\/p>\n","protected":false},"author":1,"featured_media":180,"comment_status":"open","ping_status":"open","sticky":false,"template":"","format":"standard","meta":{"footnotes":""},"categories":[235,209],"tags":[234,233,230,229,231,232,228,223,227,224,225,226,236,222],"class_list":["post-177","post","type-post","status-publish","format-standard","has-post-thumbnail","hentry","category-alho-frito","category-receitas","tag-alho-frito-direto-da-fabrica","tag-alho-frito-em-promocao","tag-alho-frito-em-sao-paulo","tag-alho-frito-em-sp","tag-alho-frito-na-zona-sul","tag-alho-frito-no-ipiranga","tag-alho-frito-preco","tag-comprar-alho-frito","tag-distribuidora-de-alho-frito","tag-empresa-de-alho-frito","tag-fabrica-de-alho-frito","tag-fabricante-de-alho-frito","tag-fornecedor-de-alho-frito","tag-onde-encontrar-alho-frito"],"yoast_head":"<!-- This site is optimized with the Yoast SEO plugin v24.9 - https:\/\/yoast.com\/wordpress\/plugins\/seo\/ -->\n<title>Alho frito da ADKO: qual a receita ideal para utilizar essa especiaria? - Adko<\/title>\n<meta name=\"description\" content=\"O alho frito da ADKO \u00e9 uma especiaria \u00fanica, sendo ideal para finaliza\u00e7\u00e3o e ornamenta\u00e7\u00e3o de pratos, pois as l\u00e2minas s\u00e3o uniformes e muito crocantes. Saiba mais!\" \/>\n<meta name=\"robots\" content=\"index, follow, max-snippet:-1, max-image-preview:large, max-video-preview:-1\" \/>\n<link rel=\"canonical\" href=\"https:\/\/www.adko.com.br\/blog\/receitas\/alho-frito-da-adko-qual-a-receita-ideal-para-utilizar-essa-especiaria\/\" \/>\n<meta property=\"og:locale\" content=\"pt_BR\" \/>\n<meta property=\"og:type\" content=\"article\" \/>\n<meta property=\"og:title\" content=\"Alho frito da ADKO: qual a receita ideal para utilizar essa especiaria? - Adko\" \/>\n<meta property=\"og:description\" content=\"O alho frito da ADKO \u00e9 uma especiaria \u00fanica, sendo ideal para finaliza\u00e7\u00e3o e ornamenta\u00e7\u00e3o de pratos, pois as l\u00e2minas s\u00e3o uniformes e muito crocantes. Saiba mais!\" \/>\n<meta property=\"og:url\" content=\"https:\/\/www.adko.com.br\/blog\/receitas\/alho-frito-da-adko-qual-a-receita-ideal-para-utilizar-essa-especiaria\/\" \/>\n<meta property=\"og:site_name\" content=\"Adko\" \/>\n<meta property=\"article:published_time\" content=\"2024-02-01T18:04:04+00:00\" \/>\n<meta property=\"article:modified_time\" content=\"2024-02-01T18:04:20+00:00\" \/>\n<meta property=\"og:image\" content=\"https:\/\/www.adko.com.br\/blog\/wp-content\/uploads\/2024\/02\/bife-ribeye.jpg\" \/>\n\t<meta property=\"og:image:width\" content=\"667\" \/>\n\t<meta property=\"og:image:height\" content=\"1000\" \/>\n\t<meta property=\"og:image:type\" content=\"image\/jpeg\" \/>\n<meta name=\"author\" content=\"admin\" \/>\n<meta name=\"twitter:card\" content=\"summary_large_image\" \/>\n<meta name=\"twitter:label1\" content=\"Escrito por\" \/>\n\t<meta name=\"twitter:data1\" content=\"admin\" \/>\n\t<meta name=\"twitter:label2\" content=\"Est. tempo de leitura\" \/>\n\t<meta name=\"twitter:data2\" content=\"3 minutos\" \/>\n<script type=\"application\/ld+json\" class=\"yoast-schema-graph\">{\"@context\":\"https:\/\/schema.org\",\"@graph\":[{\"@type\":\"Article\",\"@id\":\"https:\/\/www.adko.com.br\/blog\/receitas\/alho-frito-da-adko-qual-a-receita-ideal-para-utilizar-essa-especiaria\/#article\",\"isPartOf\":{\"@id\":\"https:\/\/www.adko.com.br\/blog\/receitas\/alho-frito-da-adko-qual-a-receita-ideal-para-utilizar-essa-especiaria\/\"},\"author\":{\"name\":\"admin\",\"@id\":\"https:\/\/www.adko.com.br\/blog\/#\/schema\/person\/34cceb07c271e2699c88335acdf5d2c4\"},\"headline\":\"Alho frito da ADKO: qual a receita ideal para utilizar essa especiaria?\",\"datePublished\":\"2024-02-01T18:04:04+00:00\",\"dateModified\":\"2024-02-01T18:04:20+00:00\",\"mainEntityOfPage\":{\"@id\":\"https:\/\/www.adko.com.br\/blog\/receitas\/alho-frito-da-adko-qual-a-receita-ideal-para-utilizar-essa-especiaria\/\"},\"wordCount\":434,\"commentCount\":0,\"publisher\":{\"@id\":\"https:\/\/www.adko.com.br\/blog\/#organization\"},\"image\":{\"@id\":\"https:\/\/www.adko.com.br\/blog\/receitas\/alho-frito-da-adko-qual-a-receita-ideal-para-utilizar-essa-especiaria\/#primaryimage\"},\"thumbnailUrl\":\"https:\/\/www.adko.com.br\/blog\/wp-content\/uploads\/2024\/02\/bife-ribeye.jpg\",\"keywords\":[\"Alho Frito direto da f\u00e1brica\",\"Alho Frito em promo\u00e7\u00e3o\",\"Alho Frito em S\u00e3o Paulo\",\"Alho Frito em SP\",\"Alho Frito na zona sul\",\"Alho Frito no Ipiranga\",\"Alho Frito pre\u00e7o\",\"Comprar Alho Frito\",\"Distribuidora de Alho Frito\",\"Empresa de Alho Frito\",\"F\u00e1brica de Alho Frito\",\"Fabricante de Alho Frito\",\"Fornecedor de Alho Frito\",\"Onde encontrar Alho Frito\"],\"articleSection\":[\"Alho Frito\",\"Receitas\"],\"inLanguage\":\"pt-BR\",\"potentialAction\":[{\"@type\":\"CommentAction\",\"name\":\"Comment\",\"target\":[\"https:\/\/www.adko.com.br\/blog\/receitas\/alho-frito-da-adko-qual-a-receita-ideal-para-utilizar-essa-especiaria\/#respond\"]}]},{\"@type\":\"WebPage\",\"@id\":\"https:\/\/www.adko.com.br\/blog\/receitas\/alho-frito-da-adko-qual-a-receita-ideal-para-utilizar-essa-especiaria\/\",\"url\":\"https:\/\/www.adko.com.br\/blog\/receitas\/alho-frito-da-adko-qual-a-receita-ideal-para-utilizar-essa-especiaria\/\",\"name\":\"Alho frito da ADKO: qual a receita ideal para utilizar essa especiaria? - Adko\",\"isPartOf\":{\"@id\":\"https:\/\/www.adko.com.br\/blog\/#website\"},\"primaryImageOfPage\":{\"@id\":\"https:\/\/www.adko.com.br\/blog\/receitas\/alho-frito-da-adko-qual-a-receita-ideal-para-utilizar-essa-especiaria\/#primaryimage\"},\"image\":{\"@id\":\"https:\/\/www.adko.com.br\/blog\/receitas\/alho-frito-da-adko-qual-a-receita-ideal-para-utilizar-essa-especiaria\/#primaryimage\"},\"thumbnailUrl\":\"https:\/\/www.adko.com.br\/blog\/wp-content\/uploads\/2024\/02\/bife-ribeye.jpg\",\"datePublished\":\"2024-02-01T18:04:04+00:00\",\"dateModified\":\"2024-02-01T18:04:20+00:00\",\"description\":\"O alho frito da ADKO \u00e9 uma especiaria \u00fanica, sendo ideal para finaliza\u00e7\u00e3o e ornamenta\u00e7\u00e3o de pratos, pois as l\u00e2minas s\u00e3o uniformes e muito crocantes. Saiba mais!\",\"breadcrumb\":{\"@id\":\"https:\/\/www.adko.com.br\/blog\/receitas\/alho-frito-da-adko-qual-a-receita-ideal-para-utilizar-essa-especiaria\/#breadcrumb\"},\"inLanguage\":\"pt-BR\",\"potentialAction\":[{\"@type\":\"ReadAction\",\"target\":[\"https:\/\/www.adko.com.br\/blog\/receitas\/alho-frito-da-adko-qual-a-receita-ideal-para-utilizar-essa-especiaria\/\"]}]},{\"@type\":\"ImageObject\",\"inLanguage\":\"pt-BR\",\"@id\":\"https:\/\/www.adko.com.br\/blog\/receitas\/alho-frito-da-adko-qual-a-receita-ideal-para-utilizar-essa-especiaria\/#primaryimage\",\"url\":\"https:\/\/www.adko.com.br\/blog\/wp-content\/uploads\/2024\/02\/bife-ribeye.jpg\",\"contentUrl\":\"https:\/\/www.adko.com.br\/blog\/wp-content\/uploads\/2024\/02\/bife-ribeye.jpg\",\"width\":667,\"height\":1000},{\"@type\":\"BreadcrumbList\",\"@id\":\"https:\/\/www.adko.com.br\/blog\/receitas\/alho-frito-da-adko-qual-a-receita-ideal-para-utilizar-essa-especiaria\/#breadcrumb\",\"itemListElement\":[{\"@type\":\"ListItem\",\"position\":1,\"name\":\"In\u00edcio\",\"item\":\"https:\/\/www.adko.com.br\/blog\/\"},{\"@type\":\"ListItem\",\"position\":2,\"name\":\"Alho frito da ADKO: qual a receita ideal para utilizar essa especiaria?\"}]},{\"@type\":\"WebSite\",\"@id\":\"https:\/\/www.adko.com.br\/blog\/#website\",\"url\":\"https:\/\/www.adko.com.br\/blog\/\",\"name\":\"Adko\",\"description\":\" Blog\",\"publisher\":{\"@id\":\"https:\/\/www.adko.com.br\/blog\/#organization\"},\"potentialAction\":[{\"@type\":\"SearchAction\",\"target\":{\"@type\":\"EntryPoint\",\"urlTemplate\":\"https:\/\/www.adko.com.br\/blog\/?s={search_term_string}\"},\"query-input\":{\"@type\":\"PropertyValueSpecification\",\"valueRequired\":true,\"valueName\":\"search_term_string\"}}],\"inLanguage\":\"pt-BR\"},{\"@type\":\"Organization\",\"@id\":\"https:\/\/www.adko.com.br\/blog\/#organization\",\"name\":\"Adko\",\"url\":\"https:\/\/www.adko.com.br\/blog\/\",\"logo\":{\"@type\":\"ImageObject\",\"inLanguage\":\"pt-BR\",\"@id\":\"https:\/\/www.adko.com.br\/blog\/#\/schema\/logo\/image\/\",\"url\":\"https:\/\/www.adko.com.br\/blog\/wp-content\/uploads\/2023\/07\/adko.png\",\"contentUrl\":\"https:\/\/www.adko.com.br\/blog\/wp-content\/uploads\/2023\/07\/adko.png\",\"width\":164,\"height\":62,\"caption\":\"Adko\"},\"image\":{\"@id\":\"https:\/\/www.adko.com.br\/blog\/#\/schema\/logo\/image\/\"}},{\"@type\":\"Person\",\"@id\":\"https:\/\/www.adko.com.br\/blog\/#\/schema\/person\/34cceb07c271e2699c88335acdf5d2c4\",\"name\":\"admin\",\"image\":{\"@type\":\"ImageObject\",\"inLanguage\":\"pt-BR\",\"@id\":\"https:\/\/www.adko.com.br\/blog\/#\/schema\/person\/image\/\",\"url\":\"https:\/\/secure.gravatar.com\/avatar\/3813f53848958b8842eeafda91666185a90010f65ed554379b78794cde6f234a?s=96&d=mm&r=g\",\"contentUrl\":\"https:\/\/secure.gravatar.com\/avatar\/3813f53848958b8842eeafda91666185a90010f65ed554379b78794cde6f234a?s=96&d=mm&r=g\",\"caption\":\"admin\"},\"sameAs\":[\"https:\/\/www.adko.com.br\/blog\"],\"url\":\"https:\/\/www.adko.com.br\/blog\/author\/admin\/\"}]}<\/script>\n<!-- \/ Yoast SEO plugin. -->","yoast_head_json":{"title":"Alho frito da ADKO: qual a receita ideal para utilizar essa especiaria? - Adko","description":"O alho frito da ADKO \u00e9 uma especiaria \u00fanica, sendo ideal para finaliza\u00e7\u00e3o e ornamenta\u00e7\u00e3o de pratos, pois as l\u00e2minas s\u00e3o uniformes e muito crocantes. Saiba mais!","robots":{"index":"index","follow":"follow","max-snippet":"max-snippet:-1","max-image-preview":"max-image-preview:large","max-video-preview":"max-video-preview:-1"},"canonical":"https:\/\/www.adko.com.br\/blog\/receitas\/alho-frito-da-adko-qual-a-receita-ideal-para-utilizar-essa-especiaria\/","og_locale":"pt_BR","og_type":"article","og_title":"Alho frito da ADKO: qual a receita ideal para utilizar essa especiaria? - Adko","og_description":"O alho frito da ADKO \u00e9 uma especiaria \u00fanica, sendo ideal para finaliza\u00e7\u00e3o e ornamenta\u00e7\u00e3o de pratos, pois as l\u00e2minas s\u00e3o uniformes e muito crocantes. Saiba mais!","og_url":"https:\/\/www.adko.com.br\/blog\/receitas\/alho-frito-da-adko-qual-a-receita-ideal-para-utilizar-essa-especiaria\/","og_site_name":"Adko","article_published_time":"2024-02-01T18:04:04+00:00","article_modified_time":"2024-02-01T18:04:20+00:00","og_image":[{"width":667,"height":1000,"url":"https:\/\/www.adko.com.br\/blog\/wp-content\/uploads\/2024\/02\/bife-ribeye.jpg","type":"image\/jpeg"}],"author":"admin","twitter_card":"summary_large_image","twitter_misc":{"Escrito por":"admin","Est. tempo de leitura":"3 minutos"},"schema":{"@context":"https:\/\/schema.org","@graph":[{"@type":"Article","@id":"https:\/\/www.adko.com.br\/blog\/receitas\/alho-frito-da-adko-qual-a-receita-ideal-para-utilizar-essa-especiaria\/#article","isPartOf":{"@id":"https:\/\/www.adko.com.br\/blog\/receitas\/alho-frito-da-adko-qual-a-receita-ideal-para-utilizar-essa-especiaria\/"},"author":{"name":"admin","@id":"https:\/\/www.adko.com.br\/blog\/#\/schema\/person\/34cceb07c271e2699c88335acdf5d2c4"},"headline":"Alho frito da ADKO: qual a receita ideal para utilizar essa especiaria?","datePublished":"2024-02-01T18:04:04+00:00","dateModified":"2024-02-01T18:04:20+00:00","mainEntityOfPage":{"@id":"https:\/\/www.adko.com.br\/blog\/receitas\/alho-frito-da-adko-qual-a-receita-ideal-para-utilizar-essa-especiaria\/"},"wordCount":434,"commentCount":0,"publisher":{"@id":"https:\/\/www.adko.com.br\/blog\/#organization"},"image":{"@id":"https:\/\/www.adko.com.br\/blog\/receitas\/alho-frito-da-adko-qual-a-receita-ideal-para-utilizar-essa-especiaria\/#primaryimage"},"thumbnailUrl":"https:\/\/www.adko.com.br\/blog\/wp-content\/uploads\/2024\/02\/bife-ribeye.jpg","keywords":["Alho Frito direto da f\u00e1brica","Alho Frito em promo\u00e7\u00e3o","Alho Frito em S\u00e3o Paulo","Alho Frito em SP","Alho Frito na zona sul","Alho Frito no Ipiranga","Alho Frito pre\u00e7o","Comprar Alho Frito","Distribuidora de Alho Frito","Empresa de Alho Frito","F\u00e1brica de Alho Frito","Fabricante de Alho Frito","Fornecedor de Alho Frito","Onde encontrar Alho Frito"],"articleSection":["Alho Frito","Receitas"],"inLanguage":"pt-BR","potentialAction":[{"@type":"CommentAction","name":"Comment","target":["https:\/\/www.adko.com.br\/blog\/receitas\/alho-frito-da-adko-qual-a-receita-ideal-para-utilizar-essa-especiaria\/#respond"]}]},{"@type":"WebPage","@id":"https:\/\/www.adko.com.br\/blog\/receitas\/alho-frito-da-adko-qual-a-receita-ideal-para-utilizar-essa-especiaria\/","url":"https:\/\/www.adko.com.br\/blog\/receitas\/alho-frito-da-adko-qual-a-receita-ideal-para-utilizar-essa-especiaria\/","name":"Alho frito da ADKO: qual a receita ideal para utilizar essa especiaria? - Adko","isPartOf":{"@id":"https:\/\/www.adko.com.br\/blog\/#website"},"primaryImageOfPage":{"@id":"https:\/\/www.adko.com.br\/blog\/receitas\/alho-frito-da-adko-qual-a-receita-ideal-para-utilizar-essa-especiaria\/#primaryimage"},"image":{"@id":"https:\/\/www.adko.com.br\/blog\/receitas\/alho-frito-da-adko-qual-a-receita-ideal-para-utilizar-essa-especiaria\/#primaryimage"},"thumbnailUrl":"https:\/\/www.adko.com.br\/blog\/wp-content\/uploads\/2024\/02\/bife-ribeye.jpg","datePublished":"2024-02-01T18:04:04+00:00","dateModified":"2024-02-01T18:04:20+00:00","description":"O alho frito da ADKO \u00e9 uma especiaria \u00fanica, sendo ideal para finaliza\u00e7\u00e3o e ornamenta\u00e7\u00e3o de pratos, pois as l\u00e2minas s\u00e3o uniformes e muito crocantes. Saiba mais!","breadcrumb":{"@id":"https:\/\/www.adko.com.br\/blog\/receitas\/alho-frito-da-adko-qual-a-receita-ideal-para-utilizar-essa-especiaria\/#breadcrumb"},"inLanguage":"pt-BR","potentialAction":[{"@type":"ReadAction","target":["https:\/\/www.adko.com.br\/blog\/receitas\/alho-frito-da-adko-qual-a-receita-ideal-para-utilizar-essa-especiaria\/"]}]},{"@type":"ImageObject","inLanguage":"pt-BR","@id":"https:\/\/www.adko.com.br\/blog\/receitas\/alho-frito-da-adko-qual-a-receita-ideal-para-utilizar-essa-especiaria\/#primaryimage","url":"https:\/\/www.adko.com.br\/blog\/wp-content\/uploads\/2024\/02\/bife-ribeye.jpg","contentUrl":"https:\/\/www.adko.com.br\/blog\/wp-content\/uploads\/2024\/02\/bife-ribeye.jpg","width":667,"height":1000},{"@type":"BreadcrumbList","@id":"https:\/\/www.adko.com.br\/blog\/receitas\/alho-frito-da-adko-qual-a-receita-ideal-para-utilizar-essa-especiaria\/#breadcrumb","itemListElement":[{"@type":"ListItem","position":1,"name":"In\u00edcio","item":"https:\/\/www.adko.com.br\/blog\/"},{"@type":"ListItem","position":2,"name":"Alho frito da ADKO: qual a receita ideal para utilizar essa especiaria?"}]},{"@type":"WebSite","@id":"https:\/\/www.adko.com.br\/blog\/#website","url":"https:\/\/www.adko.com.br\/blog\/","name":"Adko","description":" Blog","publisher":{"@id":"https:\/\/www.adko.com.br\/blog\/#organization"},"potentialAction":[{"@type":"SearchAction","target":{"@type":"EntryPoint","urlTemplate":"https:\/\/www.adko.com.br\/blog\/?s={search_term_string}"},"query-input":{"@type":"PropertyValueSpecification","valueRequired":true,"valueName":"search_term_string"}}],"inLanguage":"pt-BR"},{"@type":"Organization","@id":"https:\/\/www.adko.com.br\/blog\/#organization","name":"Adko","url":"https:\/\/www.adko.com.br\/blog\/","logo":{"@type":"ImageObject","inLanguage":"pt-BR","@id":"https:\/\/www.adko.com.br\/blog\/#\/schema\/logo\/image\/","url":"https:\/\/www.adko.com.br\/blog\/wp-content\/uploads\/2023\/07\/adko.png","contentUrl":"https:\/\/www.adko.com.br\/blog\/wp-content\/uploads\/2023\/07\/adko.png","width":164,"height":62,"caption":"Adko"},"image":{"@id":"https:\/\/www.adko.com.br\/blog\/#\/schema\/logo\/image\/"}},{"@type":"Person","@id":"https:\/\/www.adko.com.br\/blog\/#\/schema\/person\/34cceb07c271e2699c88335acdf5d2c4","name":"admin","image":{"@type":"ImageObject","inLanguage":"pt-BR","@id":"https:\/\/www.adko.com.br\/blog\/#\/schema\/person\/image\/","url":"https:\/\/secure.gravatar.com\/avatar\/3813f53848958b8842eeafda91666185a90010f65ed554379b78794cde6f234a?s=96&d=mm&r=g","contentUrl":"https:\/\/secure.gravatar.com\/avatar\/3813f53848958b8842eeafda91666185a90010f65ed554379b78794cde6f234a?s=96&d=mm&r=g","caption":"admin"},"sameAs":["https:\/\/www.adko.com.br\/blog"],"url":"https:\/\/www.adko.com.br\/blog\/author\/admin\/"}]}},"_links":{"self":[{"href":"https:\/\/www.adko.com.br\/blog\/wp-json\/wp\/v2\/posts\/177","targetHints":{"allow":["GET"]}}],"collection":[{"href":"https:\/\/www.adko.com.br\/blog\/wp-json\/wp\/v2\/posts"}],"about":[{"href":"https:\/\/www.adko.com.br\/blog\/wp-json\/wp\/v2\/types\/post"}],"author":[{"embeddable":true,"href":"https:\/\/www.adko.com.br\/blog\/wp-json\/wp\/v2\/users\/1"}],"replies":[{"embeddable":true,"href":"https:\/\/www.adko.com.br\/blog\/wp-json\/wp\/v2\/comments?post=177"}],"version-history":[{"count":1,"href":"https:\/\/www.adko.com.br\/blog\/wp-json\/wp\/v2\/posts\/177\/revisions"}],"predecessor-version":[{"id":181,"href":"https:\/\/www.adko.com.br\/blog\/wp-json\/wp\/v2\/posts\/177\/revisions\/181"}],"wp:featuredmedia":[{"embeddable":true,"href":"https:\/\/www.adko.com.br\/blog\/wp-json\/wp\/v2\/media\/180"}],"wp:attachment":[{"href":"https:\/\/www.adko.com.br\/blog\/wp-json\/wp\/v2\/media?parent=177"}],"wp:term":[{"taxonomy":"category","embeddable":true,"href":"https:\/\/www.adko.com.br\/blog\/wp-json\/wp\/v2\/categories?post=177"},{"taxonomy":"post_tag","embeddable":true,"href":"https:\/\/www.adko.com.br\/blog\/wp-json\/wp\/v2\/tags?post=177"}],"curies":[{"name":"wp","href":"https:\/\/api.w.org\/{rel}","templated":true}]}}